{"id":73,"date":"2018-03-27T21:08:39","date_gmt":"2018-03-27T21:08:39","guid":{"rendered":"http:\/\/www.irantiesclavitud.es\/?p=73"},"modified":"2018-03-28T11:44:40","modified_gmt":"2018-03-28T11:44:40","slug":"el-movimiento-ira-contra-la-esclavitud-presento-su-programa-en-rivas","status":"publish","type":"post","link":"http:\/\/www.irantiesclavitud.es\/index.php\/2018\/03\/27\/el-movimiento-ira-contra-la-esclavitud-presento-su-programa-en-rivas\/","title":{"rendered":"El movimiento IRA, contra la esclavitud, present\u00f3 su programa en Rivas"},"content":{"rendered":"<p>Rivas acogi\u00f3 el pasado viernes la presentaci\u00f3n del movimiento IRA, la Iniciativa por el resurgimiento del movimiento por la abolici\u00f3n de la esclavitud. Se trata de una organizaci\u00f3n internacional que trabaja en Europa, \u00c1frica y Latino Am\u00e9rica y que se encuentra en Espa\u00f1a desde hace unos dos meses, con sede en Madrid.<\/p>\n<p>Su primera presentaci\u00f3n en la Comunidad se realiz\u00f3 en Rivas y cont\u00f3 con la participaci\u00f3n de la colombiana y activista de Derechos Humanos, Liliana Castillo; el presidente de la asociaci\u00f3n y miembro destacado de la Recuperaci\u00f3n de la Memoria Hist\u00f3rica, Idelfonso G\u00f3mez; el activista mauritano, Diadi\u00e9 Youba, quien departi\u00f3 sobre el esclavismo en su pa\u00eds; y el cubano y luchador por los Derechos Humanos en Latino Am\u00e9rica, Juan Carlos Rocabruno.<\/p>\n<p><img loading=\"lazy\" decoding=\"async\" class=\"alignleft size-medium wp-image-150\" src=\"http:\/\/www.irantiesclavitud.es\/wp-content\/uploads\/2018\/03\/IMAGEN3-300x200.jpg\" alt=\"\" width=\"300\" height=\"200\" srcset=\"http:\/\/www.irantiesclavitud.es\/wp-content\/uploads\/2018\/03\/IMAGEN3-300x200.jpg 300w, http:\/\/www.irantiesclavitud.es\/wp-content\/uploads\/2018\/03\/IMAGEN3.jpg 479w\" sizes=\"auto, (max-width: 300px) 100vw, 300px\" \/><\/p>\n<p>Todos ellos hablaron de la \u201crealidad sangrante\u201d que envuelve a la esclavitud. En este sentido, desde el movimiento IRA han subrayado que, a pesar de los \u201cm\u00faltiples\u201d acuerdos firmados, la esclavitud \u201cno s\u00f3lo no ha desaparecido, sino que se est\u00e1 incrementando en este momento de la refundaci\u00f3n del capitalismo\u201d.<\/p>\n<p>\u201cLa necesidad de mano de obra muy barata es la fuente de la alimentaci\u00f3n para la explotaci\u00f3n humana y el incremento de las ganancias, enfrentando a unos trabajadores con otros que buscan un salario digno con que poder crearse un futuro\u201d, han apostillado en un comunicado.<\/p>\n<p>En esta l\u00ednea, han sostenido que existe una \u201cimportante bolsa de esclavitud\u201d relacionada con la violencia de g\u00e9nero, la prostituci\u00f3n y el trabajo \u201cmuy precario dom\u00e9stico\u201d. Adem\u00e1s, han agregado que la \u201cmarginaci\u00f3n de los refugiados crea una nueva masa de seres humanos desesperados y empobrecidos\u201d.<\/p>\n<p><b>A favor de la abolici\u00f3n de la esclavitud<\/b><\/p>\n<p>Desde la entidad han apuntado que apoyan los diversos documentos, declaraciones y acuerdos que desde hace dos siglos se han redactado y que se pronuncian por la abolici\u00f3n de la esclavitud.<\/p>\n<p>\u201cNos posicionamos de forma en\u00e9rgica, clara y decidida por la abolici\u00f3n de la esclavitud y en contra de cualquier forma de trabajo esclavo, sea en su variante tradicional, o en su hip\u00f3crita forma de esclavitud moderna, en la que las antiguas cadenas se han transformado en deuda monetaria, en ocasiones de alcance imposible, amenaza de deportaci\u00f3n, salarios de miseria o condiciones laborables amorales e infrahumana\u201d, han argumentado.<\/p>\n<p><img loading=\"lazy\" decoding=\"async\" class=\"size-medium wp-image-149 alignright\" style=\"font-weight: inherit;\" src=\"http:\/\/www.irantiesclavitud.es\/wp-content\/uploads\/2018\/03\/IMAGEN2-300x200.jpg\" alt=\"\" width=\"300\" height=\"200\" srcset=\"http:\/\/www.irantiesclavitud.es\/wp-content\/uploads\/2018\/03\/IMAGEN2-300x200.jpg 300w, http:\/\/www.irantiesclavitud.es\/wp-content\/uploads\/2018\/03\/IMAGEN2.jpg 479w\" sizes=\"auto, (max-width: 300px) 100vw, 300px\" \/><\/p>\n<p>Por todo ello, mostraron \u201ctodo su rechazo y denuncia\u201d ante la actitud \u201ccriminal e inmoral\u201d que acarrea cualquier tipo de esclavitud.<\/p>\n<p><b>Objetivos de la asociaci\u00f3n<\/b><\/p>\n<p>Entre sus metas destaca la uni\u00f3n de personas e instituciones que quieran luchar contra la esclavitud, las actividades que apoyen su abolici\u00f3n y la lucha por instaurar una educaci\u00f3n que sea contraria al ejercicio de cualquier forma de esclavitud y explotaci\u00f3n.<\/p>\n","protected":false},"excerpt":{"rendered":"<p>Rivas acogi\u00f3 el pasado viernes la presentaci\u00f3n del movimiento IRA, la Iniciativa por el resurgimiento del movimiento por la abolici\u00f3n de la esclavitud. Se trata de una organizaci\u00f3n internacional que [&hellip;]<\/p>\n","protected":false},"author":1,"featured_media":147,"comment_status":"closed","ping_status":"open","sticky":false,"template":"","format":"standard","meta":{"_monsterinsights_skip_tracking":false,"_monsterinsights_sitenote_active":false,"_monsterinsights_sitenote_note":"","_monsterinsights_sitenote_category":0,"site-sidebar-layout":"default","site-content-layout":"default","ast-site-content-layout":"default","site-content-style":"default","site-sidebar-style":"default","ast-global-header-display":"","ast-banner-title-visibility":"","ast-main-header-display":"","ast-hfb-above-header-display":"","ast-hfb-below-header-display":"","ast-hfb-mobile-header-display":"","site-post-title":"","ast-breadcrumbs-content":"","ast-featured-img":"","footer-sml-layout":"","theme-transparent-header-meta":"","adv-header-id-meta":"","stick-header-meta":"","header-above-stick-meta":"","header-main-stick-meta":"","header-below-stick-meta":"","astra-migrate-meta-layouts":"default","ast-page-background-enabled":"default","ast-page-background-meta":{"desktop":{"background-color":"var(--ast-global-color-4)","background-image":"","background-repeat":"repeat","background-position":"center center","background-size":"auto","background-attachment":"scroll","background-type":"","background-media":"","overlay-type":"","overlay-color":"","overlay-opacity":"","overlay-gradient":""},"tablet":{"background-color":"","background-image":"","background-repeat":"repeat","background-position":"center center","background-size":"auto","background-attachment":"scroll","background-type":"","background-media":"","overlay-type":"","overlay-color":"","overlay-opacity":"","overlay-gradient":""},"mobile":{"background-color":"","background-image":"","background-repeat":"repeat","background-position":"center center","background-size":"auto","background-attachment":"scroll","background-type":"","background-media":"","overlay-type":"","overlay-color":"","overlay-opacity":"","overlay-gradient":""}},"ast-content-background-meta":{"desktop":{"background-color":"var(--ast-global-color-5)","background-image":"","background-repeat":"repeat","background-position":"center center","background-size":"auto","background-attachment":"scroll","background-type":"","background-media":"","overlay-type":"","overlay-color":"","overlay-opacity":"","overlay-gradient":""},"tablet":{"background-color":"var(--ast-global-color-5)","background-image":"","background-repeat":"repeat","background-position":"center center","background-size":"auto","background-attachment":"scroll","background-type":"","background-media":"","overlay-type":"","overlay-color":"","overlay-opacity":"","overlay-gradient":""},"mobile":{"background-color":"var(--ast-global-color-5)","background-image":"","background-repeat":"repeat","background-position":"center center","background-size":"auto","background-attachment":"scroll","background-type":"","background-media":"","overlay-type":"","overlay-color":"","overlay-opacity":"","overlay-gradient":""}},"footnotes":""},"categories":[1],"tags":[],"class_list":["post-73","post","type-post","status-publish","format-standard","has-post-thumbnail","hentry","category-pslf-pslf"],"_links":{"self":[{"href":"http:\/\/www.irantiesclavitud.es\/index.php\/wp-json\/wp\/v2\/posts\/73","targetHints":{"allow":["GET"]}}],"collection":[{"href":"http:\/\/www.irantiesclavitud.es\/index.php\/wp-json\/wp\/v2\/posts"}],"about":[{"href":"http:\/\/www.irantiesclavitud.es\/index.php\/wp-json\/wp\/v2\/types\/post"}],"author":[{"embeddable":true,"href":"http:\/\/www.irantiesclavitud.es\/index.php\/wp-json\/wp\/v2\/users\/1"}],"replies":[{"embeddable":true,"href":"http:\/\/www.irantiesclavitud.es\/index.php\/wp-json\/wp\/v2\/comments?post=73"}],"version-history":[{"count":6,"href":"http:\/\/www.irantiesclavitud.es\/index.php\/wp-json\/wp\/v2\/posts\/73\/revisions"}],"predecessor-version":[{"id":156,"href":"http:\/\/www.irantiesclavitud.es\/index.php\/wp-json\/wp\/v2\/posts\/73\/revisions\/156"}],"wp:featuredmedia":[{"embeddable":true,"href":"http:\/\/www.irantiesclavitud.es\/index.php\/wp-json\/wp\/v2\/media\/147"}],"wp:attachment":[{"href":"http:\/\/www.irantiesclavitud.es\/index.php\/wp-json\/wp\/v2\/media?parent=73"}],"wp:term":[{"taxonomy":"category","embeddable":true,"href":"http:\/\/www.irantiesclavitud.es\/index.php\/wp-json\/wp\/v2\/categories?post=73"},{"taxonomy":"post_tag","embeddable":true,"href":"http:\/\/www.irantiesclavitud.es\/index.php\/wp-json\/wp\/v2\/tags?post=73"}],"curies":[{"name":"wp","href":"https:\/\/api.w.org\/{rel}","templated":true}]}}