{"id":527,"date":"2024-03-29T08:28:38","date_gmt":"2024-03-29T08:28:38","guid":{"rendered":"http:\/\/www.irantiesclavitud.es\/?p=527"},"modified":"2024-03-29T08:28:39","modified_gmt":"2024-03-29T08:28:39","slug":"manifiesto-por-una-conferencia-en-defensa-del-campo-contra-la-especulacion-y-la-guerra-el-12-de-abril-desde-las-5-de-la-tarde-en-la-casa-de-la-cultura-de-villafranca-de-los-barros","status":"publish","type":"post","link":"http:\/\/www.irantiesclavitud.es\/index.php\/2024\/03\/29\/manifiesto-por-una-conferencia-en-defensa-del-campo-contra-la-especulacion-y-la-guerra-el-12-de-abril-desde-las-5-de-la-tarde-en-la-casa-de-la-cultura-de-villafranca-de-los-barros\/","title":{"rendered":"MANIFIESTO POR UNA CONFERENCIA EN DEFENSA DEL CAMPO, CONTRA LA ESPECULACI\u00d3N Y LA GUERRA, EL 12 DE ABRIL, DESDE LAS 5 DE LA TARDE, EN LA CASA DE LA CULTURA DE VILLAFRANCA DE LOS BARROS."},"content":{"rendered":"\n<figure class=\"wp-block-image size-large\"><img loading=\"lazy\" decoding=\"async\" width=\"1024\" height=\"717\" src=\"http:\/\/www.irantiesclavitud.es\/wp-content\/uploads\/2024\/03\/tractorada-kGzE-U2101440248598uZC-1200x840@Ideal-1-1024x717.webp\" alt=\"\" class=\"wp-image-528\" srcset=\"http:\/\/www.irantiesclavitud.es\/wp-content\/uploads\/2024\/03\/tractorada-kGzE-U2101440248598uZC-1200x840@Ideal-1-1024x717.webp 1024w, http:\/\/www.irantiesclavitud.es\/wp-content\/uploads\/2024\/03\/tractorada-kGzE-U2101440248598uZC-1200x840@Ideal-1-300x210.webp 300w, http:\/\/www.irantiesclavitud.es\/wp-content\/uploads\/2024\/03\/tractorada-kGzE-U2101440248598uZC-1200x840@Ideal-1-768x538.webp 768w, http:\/\/www.irantiesclavitud.es\/wp-content\/uploads\/2024\/03\/tractorada-kGzE-U2101440248598uZC-1200x840@Ideal-1.webp 1200w\" sizes=\"auto, (max-width: 1024px) 100vw, 1024px\" \/><\/figure>\n\n\n\n<p><strong>MANIFIESTO POR UNA CONFERENCIA EN DEFENSA DEL CAMPO, CONTRA LA ESPECULACI\u00d3N Y LA GUERRA, EL 12 DE ABRIL, DESDE LAS 5 DE LA TARDE, EN LA CASA DE LA CULTURA DE VILLAFRANCA DE LOS BARROS.<\/strong><\/p>\n\n\n\n<p>La realidad siempre se acaba imponiendo a los artificios. El estallido social del campo que se est\u00e1 produciendo de formas diversas en los diferentes pa\u00edses de la UE responde a males de fondo cuyas causas y efectos nacen y provocan una serie de circunstancias:<\/p>\n\n\n\n<p>1.- La soberan\u00eda alimentaria est\u00e1 siendo pisoteada desde Bruselas, conculcando el derecho de cada pa\u00eds a establecer las medidas necesarias para impedir la especulaci\u00f3n diaria con los principales productos alimenticios. Y ello se hace en beneficio de grupos de poder ligados y alrededor de los bancos y fondos buitre que est\u00e1n obteniendo los mayores beneficios de su historia. Los super beneficios de los grupos financieros lleva impl\u00edcito la ruina de todos los que tratan de vivir de su trabajo.<\/p>\n\n\n\n<p>2.- El futuro de las actividades agrarias y ganaderas est\u00e1 especialmente hipotecado por las medidas pol\u00edticas de la PAC, que subvencionan las grandes explotaciones en detrimento de las peque\u00f1as y familiares, y que permite la importaci\u00f3n de productos de terceros pa\u00edses sin controles de ning\u00fan tipo, producidos a precios de esclavitud que arruinan a los productores espa\u00f1oles y europeos.<\/p>\n\n\n\n<p>3.- Adem\u00e1s, las directivas de la UE establecen una torre de medidas burocr\u00e1ticas y falsamente ecologistas cada vez m\u00e1s sofisticadas, justificadas por los objetivos del desarrollo sostenible contenidos en la agenda 2030 que ponen objeciones insalvables a las explotaciones agr\u00edcolas y ganaderas que repercuten e impiden la buena marcha de las zonas rurales.<\/p>\n\n\n\n<p>4.- Los representantes de la democracia local de miles de localidades, alcaldes y concejales municipales tienen que alzar la voz en defensa del campo y de las reclamaciones de los agricultores, por precios dignos, seguros agrarios, recortes burocr\u00e1ticos, flexibilidad en la aplicaci\u00f3n de medidas derivadas de la agenda 2030, control de las importaciones de productos agr\u00edcolas y eliminaci\u00f3n de acuerdos comerciales que perjudiquen la soberan\u00eda alimentaria y la producci\u00f3n aut\u00f3ctona.<\/p>\n\n\n\n<p>5.- Las mismas organizaciones agrarias que se enfrentan de uno u otro modo a esta situaci\u00f3n de crisis y ruina necesitan estar legitimadas por el voto de quienes representan, lo que pone de manifiesto la necesidad de elecciones que pongan de relieve la verdadera representatividad de cada una de las organizaciones sindicales y de quienes luchan en defensa de la agricultura. El estado actual de la representatividad es un factor que bloquea soluciones que los agricultores y ganaderos demandan en las carreteras y calles de las principales ciudades.<\/p>\n\n\n\n<p>6.-Las pr\u00f3ximas elecciones europeas ser\u00e1n un momento especial en este debate, que en la pr\u00e1ctica combina la especulaci\u00f3n, la demanda de soberan\u00eda alimentaria en defensa del campo, contra la oposici\u00f3n a la guerra y el derecho de los pueblos a decidir sobre sus propios asuntos.<\/p>\n\n\n\n<p>7.- Las complicaciones de los productores agr\u00edcolas y del mundo rural se agravar\u00e1n con los recortes sociales que nacen del incremento que hacen los gobiernos en los presupuestos para las inversiones militares y armament\u00edsticas que se exigen para la guerra en Ucrania y el genocidio palestino lo que constituye una amenaza para los pueblos que demandan pan, la paz y el trabajo. Por otro lado, el precio de los alimentos deval\u00faa directamente todas las rentas del trabajo en beneficio de las rentas de los especuladores y due\u00f1os de las grandes superficies. Provocando el empobrecimiento de la mayor\u00eda social.<\/p>\n\n\n\n<p>Por todo eso, vamos a celebrar una Conferencia en Defensa del campo y del mundo rural, por un programa que represente a la mayor\u00eda social frente a las estructuras burocr\u00e1ticas de Bruselas. Conferencia que vamos a realizar el d\u00eda 12 de ABRIL, desde las 5 de la tarde, en la Casa de la Cultura. Por el libre debate y toma de decisiones en defensa de la mayor\u00eda social.<\/p>\n","protected":false},"excerpt":{"rendered":"<p>MANIFIESTO POR UNA CONFERENCIA EN DEFENSA DEL CAMPO, CONTRA LA ESPECULACI\u00d3N Y LA GUERRA, EL 12 DE ABRIL, DESDE LAS 5 DE LA TARDE, EN LA CASA DE LA CULTURA [&hellip;]<\/p>\n","protected":false},"author":1,"featured_media":0,"comment_status":"closed","ping_status":"closed","sticky":false,"template":"","format":"standard","meta":{"_monsterinsights_skip_tracking":false,"_monsterinsights_sitenote_active":false,"_monsterinsights_sitenote_note":"","_monsterinsights_sitenote_category":0,"site-sidebar-layout":"default","site-content-layout":"default","ast-site-content-layout":"default","site-content-style":"default","site-sidebar-style":"default","ast-global-header-display":"","ast-banner-title-visibility":"","ast-main-header-display":"","ast-hfb-above-header-display":"","ast-hfb-below-header-display":"","ast-hfb-mobile-header-display":"","site-post-title":"","ast-breadcrumbs-content":"","ast-featured-img":"","footer-sml-layout":"","theme-transparent-header-meta":"","adv-header-id-meta":"","stick-header-meta":"","header-above-stick-meta":"","header-main-stick-meta":"","header-below-stick-meta":"","astra-migrate-meta-layouts":"default","ast-page-background-enabled":"default","ast-page-background-meta":{"desktop":{"background-color":"var(--ast-global-color-4)","background-image":"","background-repeat":"repeat","background-position":"center center","background-size":"auto","background-attachment":"scroll","background-type":"","background-media":"","overlay-type":"","overlay-color":"","overlay-opacity":"","overlay-gradient":""},"tablet":{"background-color":"","background-image":"","background-repeat":"repeat","background-position":"center center","background-size":"auto","background-attachment":"scroll","background-type":"","background-media":"","overlay-type":"","overlay-color":"","overlay-opacity":"","overlay-gradient":""},"mobile":{"background-color":"","background-image":"","background-repeat":"repeat","background-position":"center center","background-size":"auto","background-attachment":"scroll","background-type":"","background-media":"","overlay-type":"","overlay-color":"","overlay-opacity":"","overlay-gradient":""}},"ast-content-background-meta":{"desktop":{"background-color":"var(--ast-global-color-5)","background-image":"","background-repeat":"repeat","background-position":"center center","background-size":"auto","background-attachment":"scroll","background-type":"","background-media":"","overlay-type":"","overlay-color":"","overlay-opacity":"","overlay-gradient":""},"tablet":{"background-color":"var(--ast-global-color-5)","background-image":"","background-repeat":"repeat","background-position":"center center","background-size":"auto","background-attachment":"scroll","background-type":"","background-media":"","overlay-type":"","overlay-color":"","overlay-opacity":"","overlay-gradient":""},"mobile":{"background-color":"var(--ast-global-color-5)","background-image":"","background-repeat":"repeat","background-position":"center center","background-size":"auto","background-attachment":"scroll","background-type":"","background-media":"","overlay-type":"","overlay-color":"","overlay-opacity":"","overlay-gradient":""}},"footnotes":""},"categories":[1],"tags":[],"class_list":["post-527","post","type-post","status-publish","format-standard","hentry","category-pslf-pslf"],"_links":{"self":[{"href":"http:\/\/www.irantiesclavitud.es\/index.php\/wp-json\/wp\/v2\/posts\/527","targetHints":{"allow":["GET"]}}],"collection":[{"href":"http:\/\/www.irantiesclavitud.es\/index.php\/wp-json\/wp\/v2\/posts"}],"about":[{"href":"http:\/\/www.irantiesclavitud.es\/index.php\/wp-json\/wp\/v2\/types\/post"}],"author":[{"embeddable":true,"href":"http:\/\/www.irantiesclavitud.es\/index.php\/wp-json\/wp\/v2\/users\/1"}],"replies":[{"embeddable":true,"href":"http:\/\/www.irantiesclavitud.es\/index.php\/wp-json\/wp\/v2\/comments?post=527"}],"version-history":[{"count":1,"href":"http:\/\/www.irantiesclavitud.es\/index.php\/wp-json\/wp\/v2\/posts\/527\/revisions"}],"predecessor-version":[{"id":529,"href":"http:\/\/www.irantiesclavitud.es\/index.php\/wp-json\/wp\/v2\/posts\/527\/revisions\/529"}],"wp:attachment":[{"href":"http:\/\/www.irantiesclavitud.es\/index.php\/wp-json\/wp\/v2\/media?parent=527"}],"wp:term":[{"taxonomy":"category","embeddable":true,"href":"http:\/\/www.irantiesclavitud.es\/index.php\/wp-json\/wp\/v2\/categories?post=527"},{"taxonomy":"post_tag","embeddable":true,"href":"http:\/\/www.irantiesclavitud.es\/index.php\/wp-json\/wp\/v2\/tags?post=527"}],"curies":[{"name":"wp","href":"https:\/\/api.w.org\/{rel}","templated":true}]}}