{"id":512,"date":"2024-03-21T13:30:19","date_gmt":"2024-03-21T13:30:19","guid":{"rendered":"http:\/\/www.irantiesclavitud.es\/?p=512"},"modified":"2024-03-21T13:30:19","modified_gmt":"2024-03-21T13:30:19","slug":"conflicto-politico-entre-el-congreso-y-el-senado","status":"publish","type":"post","link":"http:\/\/www.irantiesclavitud.es\/index.php\/2024\/03\/21\/conflicto-politico-entre-el-congreso-y-el-senado\/","title":{"rendered":"Conflicto pol\u00edtico entre el Congreso y el Senado"},"content":{"rendered":"\n<p><strong>La guerra y los recortes abren las puertas al fascismo<\/strong><\/p>\n\n\n\n<p><strong>Espacioindependiente n\u00ba 552, jueves 21 de marzo, 2024<\/strong><\/p>\n\n\n\n<p><strong>http:\/\/elespacioindependiente.wordpress.com\/:f:info.espacio.independiente<\/strong><\/p>\n\n\n\n<p><\/p>\n\n\n\n<p><strong>La guerra y los recortes abren las puertas al fascismo<\/strong><\/p>\n\n\n\n<p>Un enfrentamiento institucional sin precedentes se ha desatado entre las c\u00e1maras de representaci\u00f3n de las Cortes Generales que constituyen el Congreso y el Senado.<\/p>\n\n\n\n<p>El sistema pol\u00edtico espa\u00f1ol, establecido por los consensos del r\u00e9gimen del 78, no es ajeno a la crisis pol\u00edtica. La arquitectura de las Cortes espa\u00f1olas establece una representaci\u00f3n condicionada por una ley electoral, que comienza por negar el principio universal de una persona un voto. Una representaci\u00f3n deformada, que no es soberana, que no puede tomar decisiones de acuerdo con la voluntad popular y, por el contrario, est\u00e1 obligada a mantener los consensos pactados a la muerte del dictador, reflejados en la Ley de leyes que es la Constituci\u00f3n. El Tribunal Constitucional viene a exigir la sumisi\u00f3n a ese cuadro pol\u00edtico e institucional, a las leyes de consenso que nos bloquean y someten a la corrupci\u00f3n sist\u00e9mica. El Congreso se basa en una proporcionalidad representativa deformada en perjuicio de las provincias m\u00e1s pobladas; mientras que el Senado, establecido como \u201cC\u00e1mara de representaci\u00f3n territorial\u201d, se basa en la elecci\u00f3n de cuatro senadores en cada provincia con independencia de la poblaci\u00f3n que dice representar. Iguala en representantes a la poblaci\u00f3n de Madrid, con m\u00e1s de siete millones de habitantes, con la de Soria con 88.600 personas, con el correctivo de un senador m\u00e1s por comunidad aut\u00f3noma, y otros m\u00e1s por cada mill\u00f3n de habitantes.<\/p>\n\n\n\n<p>Acaba de abrirse un nuevo conflicto institucional, provocado por la negativa del PP a la aprobaci\u00f3n de la Ley de Amnist\u00eda, destinada a quienes fueron incriminados por participar en el proceso catal\u00e1n y el refer\u00e9ndum del 1 de Octubre. El partido heredero de la dictadura franquista -y personalmente de los ministros del dictador encabezados por Fraga Iribarne- ha planteado un conflicto entre el Congreso y el Senado, que tendr\u00e1 que resolverse mediante una Comisi\u00f3n Mixta compuesta por igual n\u00famero de diputados y senadores. De no llegar a acuerdo, decidir\u00e1 el Congreso; decisi\u00f3n que se podr\u00e1 recurrir ante el Tribunal Constitucional, que ser\u00e1 la \u00faltima instancia.<\/p>\n\n\n\n<p>El PP alega que la Ley de Amnist\u00eda es inconstitucional, en cuanto que la medida de gracia no est\u00e1 recogida expresamente en el texto constitucional, calific\u00e1ndola de \u201creforma encubierta de la Constituci\u00f3n\u201d. Considera que se usurpan las competencias del Senado. Esto asegura la prolongaci\u00f3n durante los pr\u00f3ximos meses de un conflicto entre las principales instituciones del r\u00e9gimen. A dicha crisis se une la que conlleva la multiplicaci\u00f3n de comisiones de investigaci\u00f3n sobre los m\u00faltiples casos de corrupci\u00f3n que han emergido en las \u00faltimas semanas, y que afectan a gobierno y oposici\u00f3n, a los partidos fundamentales que sostienen el consenso mon\u00e1rquico.<\/p>\n\n\n\n<p>De otra parte, Margarita Robles, ministra de Defensa, representante de la Casa de Borb\u00f3n en el gobierno de S\u00e1nchez, agita abiertamente con la necesidad de la guerra en Europa, acusando a la Federaci\u00f3n Rusa de que representa una \u201camenaza total y absoluta\u201d, repitiendo de esta forma el argumentario de guerra de los EE UU y la OTAN.<\/p>\n\n\n\n<p>La guerra, la pol\u00edtica de guerra imperialista, condiciona todas las decisiones y medidas de los gobiernos. Los gobiernos involucrados en la pol\u00edtica de guerra se niegan, de una u otra manera, al establecimiento de un alto el fuego inmediato. A ello se une la agravaci\u00f3n de la especulaci\u00f3n y miseria que sufren sectores obreros y populares bajo las condiciones de militarizaci\u00f3n y guerra; como es el caso ahora de los refugiados palestinos. Seg\u00fan el director del Programa de Alimentos de la ONU, existe una \u201cperspectiva real de hambruna, con m\u00e1s de 500.000 personas en peligro, si se permite que la amenaza se materialice\u201d. Las tropas israel\u00edes aprovechan el momento en el que llegan algunos camiones con alimentos a una poblaci\u00f3n hambrienta para abrir fuego de forma indiscriminada, la conocida como \u201cMasacre de la Harina\u201d.<\/p>\n\n\n\n<p>La responsabilidad de EEUU en las masacres de Palestina y Ucrania repercutir\u00e1 de forma muy negativa en el voto dem\u00f3crata en las elecciones presidenciales. De ah\u00ed el anuncio a bombo y platillo de la construcci\u00f3n de un \u201cmuelle temporal\u201d en el sur de Gaza para canalizar la ayuda humanitaria. La cuesti\u00f3n del muelle y su funcionalidad radica en qui\u00e9n podr\u00e1 distribuir estos alimentos, cuando las asociaciones destinadas a ello han sido en buena medida liquidadas, como es el caso de UNRWA; cuando sus trabajadores son especialmente perseguidos y detenidos por las fuerzas israel\u00edes, acusados de colaborar con la resistencia palestina. Muchos millones de personas siguen atentamente el curso de los acontecimientos palestinos y la hambruna impuesta a un mill\u00f3n y medio de civiles refugiados, hacinados en la frontera con Egipto, contenidos por los ej\u00e9rcitos de Israel y de Egipto.<\/p>\n\n\n\n<p>La forma en la que se desarrolla la crisis del imperio norteamericano aboca tambi\u00e9n a un grave conflicto interno. Donald Trump se aprovecha de las pol\u00edticas de guerra y austeridad de Biden, que le abre de par en par las puertas del poder. Por ello vitoreaba recientemente a los asaltantes fascistas del Capitolio en 2021, asegurando \u201cun ba\u00f1o de sangre si no vuelve a la Casa Blanca en noviembre\u201d. En esa misma intervenci\u00f3n, realizada en Dayton (Ohio), amenaz\u00f3 a los inmigrantes que llegan por oleadas con hambre a cuestas a las fronteras norteamericanas, para decir lo mismo que los sionistas dicen de los palestinos, a saber: que no son personas, \u201cque son animales\u201d. Burdo argumento con el que pretenden justificar los cr\u00edmenes imperialistas.<\/p>\n\n\n\n<p>Lo cierto es que el bipartidismo norteamericano -de republicanos y dem\u00f3cratas- es parte de la misma pol\u00edtica imperialista. Biden culpa a Trump de bloquear una partida de su financiaci\u00f3n de la guerra en Ucrania (60.000 millones m\u00e1s), y lo acusa de ser un aliado de Putin, abri\u00e9ndole con dicha pol\u00edtica las puertas de la Casa Blanca.&nbsp;&nbsp;&nbsp;&nbsp;&nbsp;&nbsp;&nbsp;<\/p>\n\n\n\n<p>La barbarie imperialista, producto de las contradicciones del sistema capitalista mundial, es una realidad innegable, que se propone la destrucci\u00f3n de sectores de la humanidad por un nuevo reparto del mundo. Cr\u00edmenes contra la humanidad de los que se acus\u00f3 a los nazis y fascistas despu\u00e9s de la Segunda Guerra Mundial, y que no son sino el m\u00e9todo de los amos del mundo, se\u00f1ores de la guerra, que empujan hacia la Tercera Guerra Mundial. Por ello, la lucha contra la guerra, contra el imperialismo y sus pol\u00edticas de desigualdad y miseria, forman parte de una misma ecuaci\u00f3n, que no es otra que la de la lucha de los trabajadores y pueblos del mundo por sus reivindicaciones y aspiraciones sociales y pol\u00edticas.<\/p>\n\n\n\n<p>La lucha contra la guerra es inseparable de la demanda pol\u00edtica de la soberan\u00eda de los pueblos contra todo tipo de injerencias econ\u00f3micas, pol\u00edticas y militares. En el caso espa\u00f1ol, es un pa\u00eds de pa\u00edses triplemente sometido: al dictado de los EEUU y sus bases, a las exigencias de la OTAN de m\u00e1s gastos militares y m\u00e1s guerras; y bajo las pol\u00edticas de la llamada Uni\u00f3n Europea, que no es otra cosa que la divisi\u00f3n y enfrentamiento de los pueblos de Europa.<\/p>\n\n\n\n<p>Es evidente que, en esta situaci\u00f3n, la lucha por la Rep\u00fablica en Espa\u00f1a no puede dejar de partir de la crisis pol\u00edtica, de los hechos de la lucha de clases. Y en tanto que nuestras condiciones de vida y trabajo, y nuestra existencia misma, est\u00e1n al borde del colapso, con una&nbsp; amenaza \u201ctotal y absoluta\u201d de guerra -como declar\u00f3 la ministra Margarita Robles-, no podemos dejar de se\u00f1alar que la demanda democr\u00e1tica y republicana, por una&nbsp; Asamblea Constituyente destinada a convertir en ley la voluntad mayoritaria, debe partir en estas circunstancias reales de la lucha contra la guerra imperialista, de la movilizaci\u00f3n social contra la especulaci\u00f3n econ\u00f3mica, los recortes sociales y la privatizaci\u00f3n de servicios p\u00fablicos. Cerrar las puertas al fascismo supone romper toda complicidad con las pol\u00edticas de guerra imperialista y especulaci\u00f3n.&nbsp;&nbsp;&nbsp;&nbsp;&nbsp;&nbsp;&nbsp;&nbsp;&nbsp;&nbsp;&nbsp;&nbsp;&nbsp;&nbsp;&nbsp;&nbsp;<\/p>\n","protected":false},"excerpt":{"rendered":"<p>La guerra y los recortes abren las puertas al fascismo Espacioindependiente n\u00ba 552, jueves 21 de marzo, 2024 http:\/\/elespacioindependiente.wordpress.com\/:f:info.espacio.independiente La guerra y los recortes abren las puertas al fascismo Un [&hellip;]<\/p>\n","protected":false},"author":1,"featured_media":0,"comment_status":"closed","ping_status":"closed","sticky":false,"template":"","format":"standard","meta":{"_monsterinsights_skip_tracking":false,"_monsterinsights_sitenote_active":false,"_monsterinsights_sitenote_note":"","_monsterinsights_sitenote_category":0,"site-sidebar-layout":"default","site-content-layout":"default","ast-site-content-layout":"default","site-content-style":"default","site-sidebar-style":"default","ast-global-header-display":"","ast-banner-title-visibility":"","ast-main-header-display":"","ast-hfb-above-header-display":"","ast-hfb-below-header-display":"","ast-hfb-mobile-header-display":"","site-post-title":"","ast-breadcrumbs-content":"","ast-featured-img":"","footer-sml-layout":"","theme-transparent-header-meta":"","adv-header-id-meta":"","stick-header-meta":"","header-above-stick-meta":"","header-main-stick-meta":"","header-below-stick-meta":"","astra-migrate-meta-layouts":"default","ast-page-background-enabled":"default","ast-page-background-meta":{"desktop":{"background-color":"var(--ast-global-color-4)","background-image":"","background-repeat":"repeat","background-position":"center center","background-size":"auto","background-attachment":"scroll","background-type":"","background-media":"","overlay-type":"","overlay-color":"","overlay-opacity":"","overlay-gradient":""},"tablet":{"background-color":"","background-image":"","background-repeat":"repeat","background-position":"center center","background-size":"auto","background-attachment":"scroll","background-type":"","background-media":"","overlay-type":"","overlay-color":"","overlay-opacity":"","overlay-gradient":""},"mobile":{"background-color":"","background-image":"","background-repeat":"repeat","background-position":"center center","background-size":"auto","background-attachment":"scroll","background-type":"","background-media":"","overlay-type":"","overlay-color":"","overlay-opacity":"","overlay-gradient":""}},"ast-content-background-meta":{"desktop":{"background-color":"var(--ast-global-color-5)","background-image":"","background-repeat":"repeat","background-position":"center center","background-size":"auto","background-attachment":"scroll","background-type":"","background-media":"","overlay-type":"","overlay-color":"","overlay-opacity":"","overlay-gradient":""},"tablet":{"background-color":"var(--ast-global-color-5)","background-image":"","background-repeat":"repeat","background-position":"center center","background-size":"auto","background-attachment":"scroll","background-type":"","background-media":"","overlay-type":"","overlay-color":"","overlay-opacity":"","overlay-gradient":""},"mobile":{"background-color":"var(--ast-global-color-5)","background-image":"","background-repeat":"repeat","background-position":"center center","background-size":"auto","background-attachment":"scroll","background-type":"","background-media":"","overlay-type":"","overlay-color":"","overlay-opacity":"","overlay-gradient":""}},"footnotes":""},"categories":[1],"tags":[],"class_list":["post-512","post","type-post","status-publish","format-standard","hentry","category-pslf-pslf"],"_links":{"self":[{"href":"http:\/\/www.irantiesclavitud.es\/index.php\/wp-json\/wp\/v2\/posts\/512","targetHints":{"allow":["GET"]}}],"collection":[{"href":"http:\/\/www.irantiesclavitud.es\/index.php\/wp-json\/wp\/v2\/posts"}],"about":[{"href":"http:\/\/www.irantiesclavitud.es\/index.php\/wp-json\/wp\/v2\/types\/post"}],"author":[{"embeddable":true,"href":"http:\/\/www.irantiesclavitud.es\/index.php\/wp-json\/wp\/v2\/users\/1"}],"replies":[{"embeddable":true,"href":"http:\/\/www.irantiesclavitud.es\/index.php\/wp-json\/wp\/v2\/comments?post=512"}],"version-history":[{"count":1,"href":"http:\/\/www.irantiesclavitud.es\/index.php\/wp-json\/wp\/v2\/posts\/512\/revisions"}],"predecessor-version":[{"id":513,"href":"http:\/\/www.irantiesclavitud.es\/index.php\/wp-json\/wp\/v2\/posts\/512\/revisions\/513"}],"wp:attachment":[{"href":"http:\/\/www.irantiesclavitud.es\/index.php\/wp-json\/wp\/v2\/media?parent=512"}],"wp:term":[{"taxonomy":"category","embeddable":true,"href":"http:\/\/www.irantiesclavitud.es\/index.php\/wp-json\/wp\/v2\/categories?post=512"},{"taxonomy":"post_tag","embeddable":true,"href":"http:\/\/www.irantiesclavitud.es\/index.php\/wp-json\/wp\/v2\/tags?post=512"}],"curies":[{"name":"wp","href":"https:\/\/api.w.org\/{rel}","templated":true}]}}