{"id":509,"date":"2024-03-21T06:28:00","date_gmt":"2024-03-21T06:28:00","guid":{"rendered":"http:\/\/www.irantiesclavitud.es\/?p=509"},"modified":"2024-03-21T06:28:01","modified_gmt":"2024-03-21T06:28:01","slug":"el-complejo-de-culpa-aleman-no-se-extiende-a-rusia","status":"publish","type":"post","link":"http:\/\/www.irantiesclavitud.es\/index.php\/2024\/03\/21\/el-complejo-de-culpa-aleman-no-se-extiende-a-rusia\/","title":{"rendered":"El \u201ccomplejo de culpa\u201d alem\u00e1n no se extiende a Rusia"},"content":{"rendered":"\n<h1 class=\"wp-block-heading\"><\/h1>\n\n\n\n<p>20 marzo, 2024\u00a0<\/p>\n\n\n\n<p>ANDR\u00c9S PIQUERAS, PROFESOR DE LA UNIVERSIDAD JAUME I<\/p>\n\n\n\n<p>El canciller alem\u00e1n&nbsp;Olaf Scholz se reuni\u00f3 este domingo, 17 de marzo, con el primer ministro israel\u00ed,<strong>&nbsp;<\/strong>Benjamin Netanyahu en Jerusal\u00e9n, as\u00ed como con el presidente israel\u00ed Isaac Herzog, en su segunda visita a territorio palestino desde el pasado 7 de octubre.&nbsp;<\/p>\n\n\n\n<p>All\u00ed ha vuelto a afirmar que \u00abAlemania es un aliado incondicional de Israel\u00bb,&nbsp;aunque esta vez, y a diferencia del viaje que hizo en octubre pasado, ha empezado a hacer alg\u00fan gui\u00f1o medi\u00e1tico (o es que quiz\u00e1s le entr\u00f3 un temblor nervioso en los p\u00e1rpados) ante el salvajismo sionista. \u00abNo podemos quedarnos de brazos cruzados y ver c\u00f3mo los palestinos corren el riesgo de morir de hambre\u201d, vino a decir, al tiempo que sigue aportando todo el apoyo diplom\u00e1tico, armament\u00edstico y financiero al ente sionista y a su genocidio.<\/p>\n\n\n\n<p>Muchas almas c\u00e1ndidas siguen pensando que Alemania tiene \u201ccomplejo de culpa\u201d con Israel a causa del Holocausto.<\/p>\n\n\n\n<p>Poco saben, quienes as\u00ed piensan, c\u00f3mo se forjaron desde el principio los lazos entre el sionismo y el nazismo, como expresiones que son de una misma ideolog\u00eda. Mediante el Acuerdo de Haavara, o\u201cAcuerdo de traslado\u201d, del 25 de agosto de 1933, entre las autoridades nazis y la Organizaci\u00f3n Sionista Mundial, con intermediaci\u00f3n de la Federaci\u00f3n Sionista de Alemania, el Banco Leumi (fundado en 1902, como subsidiario del<em>&nbsp;J\u00fcdische Kolonialbank<\/em><strong>,<\/strong><sup>\u200a<\/sup>&nbsp;formado a su vez en Londres por miembros del movimiento sionista para \u201cpromover la industria, construcci\u00f3n, agricultura e infraestructura de la tierra que esperamos se convierta en Israel\u201d) y la Agencia Jud\u00eda para Israel, unos 60.000 jud\u00edos fueron trasladados a Palestina con una dotaci\u00f3n de unos 100 millones de $.<\/p>\n\n\n\n<p>En compensaci\u00f3n por su reconocimiento oficial como \u00fanicos representantes de la comunidad jud\u00eda, los dirigentes sionistas se ofrecieron para romper el boicot que hab\u00edan organizado todas las organizaciones jud\u00edas del mundo, lideradas por las poderosas asociaciones de EE. UU. y que estaba afectando muy directamente al naciente Reich. Tambi\u00e9n fueron muy activos en los&nbsp;<em><a href=\"https:\/\/es.wikipedia.org\/wiki\/Judenrat\">Judenrat<\/a><\/em>, los comit\u00e9s que controlaban los guetos y decid\u00edan qui\u00e9n deb\u00eda ser expatriado y qui\u00e9n tendr\u00eda que permanecer en los campos de exterminio. Obviamente, s\u00f3lo los sionistas eran candidatos a la \u201cdeportaci\u00f3n\u201d hacia Palestina.<\/p>\n\n\n\n<p>El pol\u00e9mico acuerdo inclu\u00eda que los nazis organizaran los viajes, de modo que los jud\u00edos alemanes llegaban a Palestina en barcos que ondeaban la bandera con la esv\u00e1stica. Las SA organizaron campos de&nbsp;entrenamiento para preparar a las juventudes sionistas en su emigraci\u00f3n, adem\u00e1s de imprimir su&nbsp;propaganda y contribuir a la difusi\u00f3n del proyecto y a la organizaci\u00f3n de los actos.<\/p>\n\n\n\n<p>En diciembre de 1938, David Ben Gurion \u2013el polaco que en realidad se llamaba&nbsp;<em>David Yosef Gr\u00fcn<\/em>-, quien fuera primer ministro de Israel, lleg\u00f3 a decir \u201csalvar las vidas humanas de los jud\u00edos de las manos de Hitler aqu\u00ed se considera una amenaza potencial para el sionismo, a menos que sean llevados a Palestina. Si el sionismo tiene que elegir entre los jud\u00edos y el Estado jud\u00edo, siempre preferir\u00e1, y sin dudarlo, este \u00faltimo\u201d.<\/p>\n\n\n\n<p>Por otra parte, no cabr\u00eda hacer un gran esfuerzo de pensamiento para darse cuenta de que el \u2018complejo de culpa\u2019 alem\u00e1n se muestra altamente selectivo, dado que no parece abarcar nada m\u00e1s que a la entidad sionista (ni siquiera las poblaciones herero y nama, de Namibia, a las que a principios del siglo pasado Alemania casi extermin\u00f3 \u2013entre el 50 y el 70% de los hereros y alrededor del 50% de los namas-, han recibido semejante consideraci\u00f3n por ello; por no hablar ya del pueblo gitano o de los comunistas en masa que asesinaron).<\/p>\n\n\n\n<p>En cuanto a la URSS y la Rusia posterior, \u00bfpor qu\u00e9 no exhibe Alemania ese arrepentimiento o complejo de culpa? Todo el peso de la Historia deber\u00eda encaminarla a ello, dado que la sovi\u00e9tica fue la poblaci\u00f3n m\u00e1s da\u00f1ada por el nazismo, con diferencia. Veamos. La URSS perdi\u00f3 entre 27 y 30 millones de personas -de las cuales s\u00f3lo unos 8 o 9 millones eran combatientes-; 60 millones quedaron mutiladas, fueron destruidas 32.000 empresas industriales, 65.000 kil\u00f3metros de v\u00edas f\u00e9rreas, 1.710 ciudades, 70.000 aldeas, 6 millones de edificios, 40.000 hospitales, 84.000 escuelas, 98.000 cooperativas agr\u00edcolas, 1.876 haciendas estatales. Los nazis trasladaron a Alemania 7 millones de caballos, 17 millones de cabezas de ganado, 20 millones de puercos, 27 millones de ovejas y cabras, 110 millones de aves de corral.<\/p>\n\n\n\n<p>La URSS tuvo una p\u00e9rdida de m\u00e1s del 30% de sus riquezas, por un valor de unos 3 billones de d\u00f3lares. M\u00e1s de un 25% de la poblaci\u00f3n qued\u00f3 sin hogar y las infraestructuras de ese pa\u00eds fueron destruidas casi en su totalidad [algo que cuenta bien Rodolfo Bueno,&nbsp;<a href=\"https:\/\/rebelion.org\/el-9-de-mayo-dia-de-la-victoria\/\">https:\/\/rebelion.org\/el-9-de-mayo-dia-de-la-victoria\/<\/a>&nbsp;(para quienes no est\u00e9is en Europa o teng\u00e1is VK para desafiar la censura establecida en la UE, os paso este enlace del programa de RT, \u201cAh\u00ed les va\u201d, sobre el tema:&nbsp;<a href=\"https:\/\/odysee.com\/@ahilesva:e\/2024.03.14_Mirko-Alemana-Israel_Odysee:b\">Alemania y su complejo de culpa con Israel (pero no con Rusia) (odysee.com)<\/a>].<\/p>\n\n\n\n<p>Pero no, lejos de intentar paliar esa responsabilidad hist\u00f3rica, Alemania vuelve a estar una vez m\u00e1s al frente de la agresi\u00f3n contra Rusia. Armas alemanas de primer nivel, incluidos de nuevo los tanques, se utilizan en el campo de batalla contra ese pa\u00eds y Alemania vuelve a amparar un r\u00e9gimen nazi en Ucrania [un r\u00e9gimen que priva a las minor\u00edas \u00e9tnicas del pa\u00eds de la ense\u00f1anza en su lengua y en su historia y cultura; proh\u00edbe la casi la totalidad de los partidos pol\u00edticos de la oposici\u00f3n, 13 en total hasta el momento (se acusa a cualquier partido que se oponga a las pol\u00edticas filonazis y de represi\u00f3n del Gobierno, de \u201cprorruso\u201d y es eliminado de la escena pol\u00edtica); que una vez m\u00e1s persigue, encarcela y desaparece comunistas (como m\u00e1xima expresi\u00f3n de esa represi\u00f3n de la oposici\u00f3n); que atenta contra la memoria hist\u00f3rica, derribando monumentos a los liberadores del nazismo, mientras ensalza a los que colaboraron con \u00e9l y despliega amplia simbolog\u00eda nazi por todo el pa\u00eds; que toma medidas anti-sindicales y de dr\u00e1stico deterioro del mercado laboral].<\/p>\n\n\n\n<p>En estos momentos que en Europa vuelven a sonar los alaridos de guerra [\u00bfest\u00e1n dispuestos los l\u00edderes europeos a \u201csuicidar\u201d al conjunto de sus poblaciones para servir los intereses estadounidenses? (Europa se rearma&nbsp;<a href=\"https:\/\/www.youtube.com\/watch?v=Y6qcyGYzXWA-\">https:\/\/www.youtube.com\/watch?v=Y6qcyGYzXWA-<\/a>)] y se habla de una suerte de \u201cespacio Schengen\u201d para las tropas y las armas del conjunto de pa\u00edses de la UE, Alemania se convierte de nuevo en ariete y centro de operaciones contra Rusia [La OTAN se entrena en Alemania.<\/p>\n\n\n\n<p>Nueve pa\u00edses de la OTAN realizan ejercicios militares para la guerra&nbsp;<a href=\"https:\/\/www.youtube.com\/watch?v=_w18GonFEQg\">https:\/\/www.youtube.com\/watch?v=_w18GonFEQg<\/a>]. El esfuerzo b\u00e9lico mayor sale de ella. Una Alemania, adem\u00e1s, que, a diferencia de Rusia que se retir\u00f3 permitiendo su reunificaci\u00f3n, EE.UU. no ha dejado de ocupar militarmente desde el fin de la Segunda Guerra Mundial, con al menos 11 bases operativas actualmente en su territorio y alrededor de 34.000 militares reconocidos oficialmente.<\/p>\n\n\n\n<p>Es esa Alemania ocupada, sin capacidad de decisi\u00f3n soberana, la que hoy ha sido encargada de liderar el apoyo europeo al ente sionista, as\u00ed como la agresi\u00f3n a Rusia.<\/p>\n\n\n\n<p>[<a href=\"https:\/\/www.abc.es\/internacional\/alemania-lanza-campana-reclutar-espias-preparar-ninos-20240319013911-nt.html\">https:\/\/www.abc.es\/internacional\/alemania-lanza-campana-reclutar-espias-preparar-ninos-20240319013911-nt.html<\/a>]<\/p>\n\n\n\n<p>Que el sionismo es una forma de nazismo o fascismo viene claramente mostrado por su pol\u00edtica de opresi\u00f3n, tortura y exterminio del pueblo palestino. Pero adem\u00e1s nos lo trasluce su \u00edntima vinculaci\u00f3n con movimientos y organizaciones nazi-fascistas por todo el mundo (no es ninguna casualidad que las ultraderechas europeas apoyen abiertamente la causa sionista contra Palestina), asesorando y aportando servicios de inteligencia y armamento sofisticado a los reg\u00edmenes dictatoriales m\u00e1s brutales, colaborando con las \u201cguerras sucias\u201d desatadas por doquier contra los movimientos populares, aportando todo tipo de material y apoyo para unas u otras formas de tortura e interrogatorios secretos, fuera de la ley, fundi\u00e9ndose con el imperialismo estadounidense m\u00e1s salvaje.<\/p>\n\n\n\n<p>De hecho, EE.UU. no venci\u00f3 al nazismo, fue la URSS quien lo hizo entonces y lo est\u00e1 volviendo a hacer hoy una vez m\u00e1s en Europa. Lo que hizo el pa\u00eds norteamericano fue absorberlo y distribuirlo en centros estrat\u00e9gicos de la industria b\u00e9lica, de la intelligentsia-espionaje, de la pol\u00edtica internacional y de la OTAN (con algunos de sus secretarios generales provenientes del III Reich). [Gabriel Rockhill es de quienes mejor dan cuenta de ello en la actualidad:&nbsp;<a href=\"https:\/\/www.counterpunch.org\/2020\/10\/16\/the-u-s-did-not-defeat-fascism-in-wwii-it-discretely-internationalized-it\/\">https:\/\/www.counterpunch.org\/2020\/10\/16\/the-u-s-did-not-defeat-fascism-in-wwii-it-discretely-internationalized-it\/<\/a>].<\/p>\n\n\n\n<p>Pero si hay algo que va quedando claro con el \u201capoyo incondicional\u201d de las \u201cdemocracias europeas\u201d y de su jefe estadounidense al genocidio del pueblo palestino, es que el Imperio Occidental no s\u00f3lo ha comenzado a perder su poder militar y econ\u00f3mico, tambi\u00e9n se le est\u00e1 empezando a escurrir entre las manos su control del relato, su imposici\u00f3n de la visi\u00f3n del mundo, de qui\u00e9nes son los malos y los buenos, digamos.<\/p>\n\n\n\n<p>As\u00ed, por ejemplo, pase lo que pase a partir de ahora en&nbsp;Israel, el&nbsp;hecho del poder\u00edo moral israel\u00ed basado en el&nbsp;mito de una supuesta incompatibilidad entre los jud\u00edos y el fascismo, ya se ha derrumbado. Ahora ser\u00e1 posible sacar a&nbsp;la&nbsp;luz todos los cr\u00edmenes que el sionismo ha venido cometiendo durante la mal llamada \u201cGuerra Fr\u00eda\u201d, en colaboraci\u00f3n con la&nbsp;CIA estadounidense, en Asia Occidental y Central, en \u00c1frica y en el continente americano. [Meyssan lo explica en:&nbsp;<a href=\"https:\/\/www.voltairenet.org\/article220558.html\">El balbuceo final del fascismo jud\u00edo , por Thierry Meyssan (voltairenet.org)<\/a>].<\/p>\n\n\n\n<p>Publicado en:&nbsp;<a href=\"https:\/\/observatoriocrisis.com\/category\/articulos\/\">Art\u00edculos<\/a>,&nbsp;<a href=\"https:\/\/observatoriocrisis.com\/category\/inicio\/\">Inicio<\/a><\/p>\n\n\n\n<figure class=\"wp-block-image size-full\"><img loading=\"lazy\" decoding=\"async\" width=\"640\" height=\"483\" src=\"http:\/\/www.irantiesclavitud.es\/wp-content\/uploads\/2024\/03\/Bundesarchiv_Bild_101I-299-1805-16_Nordfrankreich_Panzer_VI_Tiger_I_cropped.jpg\" alt=\"\" class=\"wp-image-510\" srcset=\"http:\/\/www.irantiesclavitud.es\/wp-content\/uploads\/2024\/03\/Bundesarchiv_Bild_101I-299-1805-16_Nordfrankreich_Panzer_VI_Tiger_I_cropped.jpg 640w, http:\/\/www.irantiesclavitud.es\/wp-content\/uploads\/2024\/03\/Bundesarchiv_Bild_101I-299-1805-16_Nordfrankreich_Panzer_VI_Tiger_I_cropped-300x226.jpg 300w\" sizes=\"auto, (max-width: 640px) 100vw, 640px\" \/><\/figure>\n","protected":false},"excerpt":{"rendered":"<p>20 marzo, 2024\u00a0 ANDR\u00c9S PIQUERAS, PROFESOR DE LA UNIVERSIDAD JAUME I El canciller alem\u00e1n&nbsp;Olaf Scholz se reuni\u00f3 este domingo, 17 de marzo, con el primer ministro israel\u00ed,&nbsp;Benjamin Netanyahu en Jerusal\u00e9n, [&hellip;]<\/p>\n","protected":false},"author":1,"featured_media":0,"comment_status":"closed","ping_status":"closed","sticky":false,"template":"","format":"standard","meta":{"_monsterinsights_skip_tracking":false,"_monsterinsights_sitenote_active":false,"_monsterinsights_sitenote_note":"","_monsterinsights_sitenote_category":0,"site-sidebar-layout":"default","site-content-layout":"default","ast-site-content-layout":"default","site-content-style":"default","site-sidebar-style":"default","ast-global-header-display":"","ast-banner-title-visibility":"","ast-main-header-display":"","ast-hfb-above-header-display":"","ast-hfb-below-header-display":"","ast-hfb-mobile-header-display":"","site-post-title":"","ast-breadcrumbs-content":"","ast-featured-img":"","footer-sml-layout":"","theme-transparent-header-meta":"","adv-header-id-meta":"","stick-header-meta":"","header-above-stick-meta":"","header-main-stick-meta":"","header-below-stick-meta":"","astra-migrate-meta-layouts":"default","ast-page-background-enabled":"default","ast-page-background-meta":{"desktop":{"background-color":"var(--ast-global-color-4)","background-image":"","background-repeat":"repeat","background-position":"center center","background-size":"auto","background-attachment":"scroll","background-type":"","background-media":"","overlay-type":"","overlay-color":"","overlay-opacity":"","overlay-gradient":""},"tablet":{"background-color":"","background-image":"","background-repeat":"repeat","background-position":"center center","background-size":"auto","background-attachment":"scroll","background-type":"","background-media":"","overlay-type":"","overlay-color":"","overlay-opacity":"","overlay-gradient":""},"mobile":{"background-color":"","background-image":"","background-repeat":"repeat","background-position":"center center","background-size":"auto","background-attachment":"scroll","background-type":"","background-media":"","overlay-type":"","overlay-color":"","overlay-opacity":"","overlay-gradient":""}},"ast-content-background-meta":{"desktop":{"background-color":"var(--ast-global-color-5)","background-image":"","background-repeat":"repeat","background-position":"center center","background-size":"auto","background-attachment":"scroll","background-type":"","background-media":"","overlay-type":"","overlay-color":"","overlay-opacity":"","overlay-gradient":""},"tablet":{"background-color":"var(--ast-global-color-5)","background-image":"","background-repeat":"repeat","background-position":"center center","background-size":"auto","background-attachment":"scroll","background-type":"","background-media":"","overlay-type":"","overlay-color":"","overlay-opacity":"","overlay-gradient":""},"mobile":{"background-color":"var(--ast-global-color-5)","background-image":"","background-repeat":"repeat","background-position":"center center","background-size":"auto","background-attachment":"scroll","background-type":"","background-media":"","overlay-type":"","overlay-color":"","overlay-opacity":"","overlay-gradient":""}},"footnotes":""},"categories":[1],"tags":[],"class_list":["post-509","post","type-post","status-publish","format-standard","hentry","category-pslf-pslf"],"_links":{"self":[{"href":"http:\/\/www.irantiesclavitud.es\/index.php\/wp-json\/wp\/v2\/posts\/509","targetHints":{"allow":["GET"]}}],"collection":[{"href":"http:\/\/www.irantiesclavitud.es\/index.php\/wp-json\/wp\/v2\/posts"}],"about":[{"href":"http:\/\/www.irantiesclavitud.es\/index.php\/wp-json\/wp\/v2\/types\/post"}],"author":[{"embeddable":true,"href":"http:\/\/www.irantiesclavitud.es\/index.php\/wp-json\/wp\/v2\/users\/1"}],"replies":[{"embeddable":true,"href":"http:\/\/www.irantiesclavitud.es\/index.php\/wp-json\/wp\/v2\/comments?post=509"}],"version-history":[{"count":1,"href":"http:\/\/www.irantiesclavitud.es\/index.php\/wp-json\/wp\/v2\/posts\/509\/revisions"}],"predecessor-version":[{"id":511,"href":"http:\/\/www.irantiesclavitud.es\/index.php\/wp-json\/wp\/v2\/posts\/509\/revisions\/511"}],"wp:attachment":[{"href":"http:\/\/www.irantiesclavitud.es\/index.php\/wp-json\/wp\/v2\/media?parent=509"}],"wp:term":[{"taxonomy":"category","embeddable":true,"href":"http:\/\/www.irantiesclavitud.es\/index.php\/wp-json\/wp\/v2\/categories?post=509"},{"taxonomy":"post_tag","embeddable":true,"href":"http:\/\/www.irantiesclavitud.es\/index.php\/wp-json\/wp\/v2\/tags?post=509"}],"curies":[{"name":"wp","href":"https:\/\/api.w.org\/{rel}","templated":true}]}}