{"id":317,"date":"2018-07-12T12:49:35","date_gmt":"2018-07-12T12:49:35","guid":{"rendered":"http:\/\/www.irantiesclavitud.es\/?p=317"},"modified":"2018-07-12T12:50:14","modified_gmt":"2018-07-12T12:50:14","slug":"solidaridad-internacional-con-refugiados-y-migrantes","status":"publish","type":"post","link":"http:\/\/www.irantiesclavitud.es\/index.php\/2018\/07\/12\/solidaridad-internacional-con-refugiados-y-migrantes\/","title":{"rendered":"\u00a1Solidaridad internacional con refugiados y migrantes!"},"content":{"rendered":"<h4><strong>La experiencia hist\u00f3rica del exilio republicano espa\u00f1ol desmiente la pol\u00edtica contra el derecho internacional de asilo, refugio y libre tr\u00e1nsito<\/strong><\/h4>\n<p>&nbsp;<\/p>\n<p><em>Espacioindependiente n\u00ba 261, jueves 28 de junio, 2018<br \/>\n<\/em><a href=\"http:\/\/elespacioindependiente.wordpress.com\/:f:info.espacio.independiente\"><em>http:\/\/elespacioindependiente.wordpress.com\/:f:info.espacio.independiente<\/em><\/a><\/p>\n<p>&nbsp;<\/p>\n<p>El Tribunal Supremo de los EEUU se ha dividido para avalar la decisi\u00f3n de Trump del pasado mes de enero para vetar durante 120 d\u00edas la entrada de ciudadanos de seis pa\u00edses sometidos a la guerra como Irak, Libia, Somalia, Sud\u00e1n, Siria y Yemen, junto con Ir\u00e1n, pa\u00eds que sufre el cerco econ\u00f3mico y militar de la principal potencia del mundo. En el caso de los refugiados procedentes de Siria el veto es de car\u00e1cter indefinido. Una pieza m\u00e1s de la pol\u00edtica migratoria puesta en boga por el multimillonario neoyorkino, tendente a criminalizar a m\u00e1s de 100 millones de personas que sufren en primera l\u00ednea las condiciones de la guerra imperialista impuesta por el negocio criminal de las grandes potencias.<\/p>\n<p>En Europa la excusa para la pol\u00edtica contraria a los derechos humanos es la llamada \u201ccrisis migratoria\u201d. Se pone en cuesti\u00f3n la integridad del sistema com\u00fan de asilo, para acabar tambi\u00e9n con las ilusiones de la Europa sin fronteras. Nos devuelve a las peores pol\u00edticas de discriminaci\u00f3n y desigualdad, con el reforzamiento de las fronteras, decididos a multiplicar los campos de concentraci\u00f3n para migrantes.<\/p>\n<p>Se hablaba del siglo XX como el siglo de los refugiados, pero los inicios del siglo XXI, con la extensi\u00f3n de las guerras imperialistas de destrucci\u00f3n y las pol\u00edticas de guerra econ\u00f3mica y monetaria se superan todas las referencias hist\u00f3ricas a las consecuencias humanitarias. Hay que recordar que fue la Alemania nazi la que, cuando a\u00fan era miembro de Sociedad de Naciones, se opuso a la conocida como Oficina Nansen, forma en la que en aquellos tiempos se prestaba asistencia internacional a los colectivos de refugiados. Hasta 1946, con la derrota del nazismo y del fascismo, no se vuelve a un sistema internacional de protecci\u00f3n del asilo, que se refuerza con la Declaraci\u00f3n Universal de 1948 y la Convenci\u00f3n de Ginebra de 1951, con posteriores desarrollos.<\/p>\n<p>Toda esa legislaci\u00f3n est\u00e1 siendo violada por los Estados y las entidades internacionales de poder, como es el caso de la UE.<\/p>\n<p>El marco hist\u00f3rico que permite la toma en consideraci\u00f3n en la \u00e9poca moderna del derecho de asilo, como principio pol\u00edtico democr\u00e1tico, es el de la revoluci\u00f3n francesa y su Constituci\u00f3n de 1.793, que por primera vez proclamaba el derecho de asilo (liberado de sus connotaciones religiosas), para aquel extranjero \u201cque fuese perseguido por causa de la libertad\u201d. El art\u00edculo 10 de dicha Constituci\u00f3n dec\u00eda: \u201c<em>dar asilo a los extranjeros expulsados de su patria por causa de la libertad, rechazando a los tiranos<\/em>\u201d.<\/p>\n<p>La historia del exilio republicano espa\u00f1ol nos aporta elementos hist\u00f3ricos y pol\u00edticos que ayudan a la comprensi\u00f3n la denominada \u201ccrisis migratoria\u201d de nuestros d\u00edas. La derrota republicana espa\u00f1ola ante Hitler, Mussolini y Franco provoc\u00f3 un movimiento de exilio muy importante. La ca\u00edda de Catalu\u00f1a en el invierno de 1939 da lugar a una inmensa riada de poblaci\u00f3n civil y de combatientes que inund\u00f3 las carreteras en direcci\u00f3n a Francia, siendo constantemente bombardeada en su tr\u00e1nsito. La poblaci\u00f3n hu\u00eda de la masacre de las tropas fascistas, y ello pese a no tener responsabilidades pol\u00edticas ni militares. El auxilio de m\u00e1s de medio mill\u00f3n de personas fue gestionado por el \u201cComit\u00e9 Internacional de Coordinaci\u00f3n e Informaci\u00f3n por la ayuda a la Espa\u00f1a Republicana\u201d (CICIAER), organismo impulsado por el mismo gobierno republicano. Los campos de concentraci\u00f3n para una mayor\u00eda de mujeres y ni\u00f1os fueron la \u201cayuda\u201d que el gobierno franc\u00e9s ten\u00eda preparada para los refugiados espa\u00f1oles. Desde Am\u00e9rica solo M\u00e9xico, Chile y Rep\u00fablica Dominicana aceptaron recibir oficialmente a los republicanos espa\u00f1oles con todos los derechos de los nativos.<\/p>\n<p>Las evacuaciones fueron financiadas con la solidaridad internacional, en particular por la sociedad civil Argentina. Y fueron decenas de barcos los que entre 1939 y 1040 cruzaron el Atl\u00e1ntico para encontrar tierra de paz para los republicanos espa\u00f1oles. Ese es el ejemplo de solidaridad internacional que no se puede olvidar.<\/p>\n<p>Desde puertos del Mediterr\u00e1neo comenz\u00f3, a partir de abril del 39, la huida tambi\u00e9n de barcos de refugiados con destino a Argelia y Marruecos. Los combatientes eran llevados a campos de trabajo; y las mujeres y los ni\u00f1os eran llevados a centros de albergue. La Portugal fascista deten\u00eda y devolv\u00eda a Franco a quienes hu\u00edan por las fronteras de Extremadura y Andaluc\u00eda. Cientos de miles de refugiados fueron tratados como esclavos por la administraci\u00f3n francesa.<\/p>\n<p>La experiencia de los republicanos espa\u00f1oles debe ponerse en valor para manifestar que su lucha, como la de los refugiados tras la Segunda Guerra Mundial, no fue en balde. Y las conquistas de ayer no pueden ser liquidadas en nuestros d\u00edas.<\/p>\n<p>Por ello, cuando las personas del barco \u201cAquarius\u201d de M\u00e9dicos sin Fronteras han sido llevadas al puerto de Valencia, despu\u00e9s de haber sido recatados en pateras a la deriva en el Mediterr\u00e1neo, la historia del derecho a refugio se reconecta en la cabeza de millones de personas que han conocido el balance del republicanismo espa\u00f1ol. Ese mismo fin de semana otras mil personas llegan a diferentes puertos de Andaluc\u00eda, pero no son tratados como refugiados sino como migrantes \u201cilegales\u201d. A unos se les encierra en CIES para ser expulsados a pa\u00edses donde no se respeta sus derechos, mientras a otros, en un gesto para la galer\u00eda se les da un peque\u00f1o respiro. En realidad, todos ellos, unos y otros son refugiados de las guerras, de las muchas guerras econ\u00f3micas y militares abiertas por los amos del mundo en \u00c1frica y en Oriente Medio.<\/p>\n<p>La UE, dividida sobre la pol\u00edtica migratoria, no puede sostener pol\u00edticas contrarias a los derechos formalmente reconocidos, como pretende en la pr\u00f3xima cumbre, para mantener acuerdos con terceros pa\u00edses financiando la represi\u00f3n y detenci\u00f3n de las personas. Para eso gasta 1.800 millones, m\u00e1s del doble de lo que se estipula para la ayuda de los refugiados que por millones est\u00e1n a las puertas de las fronteras europeas.<\/p>\n<p>Por todo ello es necesario acabar con una legislaci\u00f3n represiva contraria al derecho de asilo, refugio y tr\u00e1nsito concentrada aqu\u00ed en la misma Ley de Extranjer\u00eda, a fin de que los migrantes extranjeros puedan solicitar refugio o asilo pol\u00edtico, defendiendo el derecho de las personas a entrar en nuestro territorio, salir, viajar\u2026, sin control policial permanente. Toda persona tiene derecho a buscar y recibir asilo y el reconocimiento de la condici\u00f3n de refugiado y el otorgamiento de asilo pol\u00edtico de acuerdo con los tratados internacionales.<\/p>\n<p>Estamos ante una verdadera crisis de solidaridad, que hay que revertir en la lucha contra las pol\u00edticas de guerra de la UE y la OTAN, y en total oposici\u00f3n a las pol\u00edticas de ajuste y deuda, de destrucci\u00f3n econ\u00f3mica y social.<\/p>\n","protected":false},"excerpt":{"rendered":"<p>La experiencia hist\u00f3rica del exilio republicano espa\u00f1ol desmiente la pol\u00edtica contra el derecho internacional de asilo, refugio y libre tr\u00e1nsito &nbsp; Espacioindependiente n\u00ba 261, jueves 28 de junio, 2018 http:\/\/elespacioindependiente.wordpress.com\/:f:info.espacio.independiente [&hellip;]<\/p>\n","protected":false},"author":1,"featured_media":318,"comment_status":"closed","ping_status":"closed","sticky":false,"template":"","format":"standard","meta":{"_monsterinsights_skip_tracking":false,"_monsterinsights_sitenote_active":false,"_monsterinsights_sitenote_note":"","_monsterinsights_sitenote_category":0,"site-sidebar-layout":"default","site-content-layout":"default","ast-site-content-layout":"default","site-content-style":"default","site-sidebar-style":"default","ast-global-header-display":"","ast-banner-title-visibility":"","ast-main-header-display":"","ast-hfb-above-header-display":"","ast-hfb-below-header-display":"","ast-hfb-mobile-header-display":"","site-post-title":"","ast-breadcrumbs-content":"","ast-featured-img":"","footer-sml-layout":"","theme-transparent-header-meta":"","adv-header-id-meta":"","stick-header-meta":"","header-above-stick-meta":"","header-main-stick-meta":"","header-below-stick-meta":"","astra-migrate-meta-layouts":"default","ast-page-background-enabled":"default","ast-page-background-meta":{"desktop":{"background-color":"var(--ast-global-color-4)","background-image":"","background-repeat":"repeat","background-position":"center center","background-size":"auto","background-attachment":"scroll","background-type":"","background-media":"","overlay-type":"","overlay-color":"","overlay-opacity":"","overlay-gradient":""},"tablet":{"background-color":"","background-image":"","background-repeat":"repeat","background-position":"center center","background-size":"auto","background-attachment":"scroll","background-type":"","background-media":"","overlay-type":"","overlay-color":"","overlay-opacity":"","overlay-gradient":""},"mobile":{"background-color":"","background-image":"","background-repeat":"repeat","background-position":"center center","background-size":"auto","background-attachment":"scroll","background-type":"","background-media":"","overlay-type":"","overlay-color":"","overlay-opacity":"","overlay-gradient":""}},"ast-content-background-meta":{"desktop":{"background-color":"var(--ast-global-color-5)","background-image":"","background-repeat":"repeat","background-position":"center center","background-size":"auto","background-attachment":"scroll","background-type":"","background-media":"","overlay-type":"","overlay-color":"","overlay-opacity":"","overlay-gradient":""},"tablet":{"background-color":"var(--ast-global-color-5)","background-image":"","background-repeat":"repeat","background-position":"center center","background-size":"auto","background-attachment":"scroll","background-type":"","background-media":"","overlay-type":"","overlay-color":"","overlay-opacity":"","overlay-gradient":""},"mobile":{"background-color":"var(--ast-global-color-5)","background-image":"","background-repeat":"repeat","background-position":"center center","background-size":"auto","background-attachment":"scroll","background-type":"","background-media":"","overlay-type":"","overlay-color":"","overlay-opacity":"","overlay-gradient":""}},"footnotes":""},"categories":[1],"tags":[],"class_list":["post-317","post","type-post","status-publish","format-standard","has-post-thumbnail","hentry","category-pslf-pslf"],"_links":{"self":[{"href":"http:\/\/www.irantiesclavitud.es\/index.php\/wp-json\/wp\/v2\/posts\/317","targetHints":{"allow":["GET"]}}],"collection":[{"href":"http:\/\/www.irantiesclavitud.es\/index.php\/wp-json\/wp\/v2\/posts"}],"about":[{"href":"http:\/\/www.irantiesclavitud.es\/index.php\/wp-json\/wp\/v2\/types\/post"}],"author":[{"embeddable":true,"href":"http:\/\/www.irantiesclavitud.es\/index.php\/wp-json\/wp\/v2\/users\/1"}],"replies":[{"embeddable":true,"href":"http:\/\/www.irantiesclavitud.es\/index.php\/wp-json\/wp\/v2\/comments?post=317"}],"version-history":[{"count":1,"href":"http:\/\/www.irantiesclavitud.es\/index.php\/wp-json\/wp\/v2\/posts\/317\/revisions"}],"predecessor-version":[{"id":319,"href":"http:\/\/www.irantiesclavitud.es\/index.php\/wp-json\/wp\/v2\/posts\/317\/revisions\/319"}],"wp:featuredmedia":[{"embeddable":true,"href":"http:\/\/www.irantiesclavitud.es\/index.php\/wp-json\/wp\/v2\/media\/318"}],"wp:attachment":[{"href":"http:\/\/www.irantiesclavitud.es\/index.php\/wp-json\/wp\/v2\/media?parent=317"}],"wp:term":[{"taxonomy":"category","embeddable":true,"href":"http:\/\/www.irantiesclavitud.es\/index.php\/wp-json\/wp\/v2\/categories?post=317"},{"taxonomy":"post_tag","embeddable":true,"href":"http:\/\/www.irantiesclavitud.es\/index.php\/wp-json\/wp\/v2\/tags?post=317"}],"curies":[{"name":"wp","href":"https:\/\/api.w.org\/{rel}","templated":true}]}}