{"id":294,"date":"2023-08-27T08:26:15","date_gmt":"2023-08-27T08:26:15","guid":{"rendered":"http:\/\/www.irantiesclavitud.es\/?p=294"},"modified":"2024-01-31T09:56:14","modified_gmt":"2024-01-31T09:56:14","slug":"ronda-de-la-dignidad-de-los-pueblos","status":"publish","type":"post","link":"http:\/\/www.irantiesclavitud.es\/index.php\/2023\/08\/27\/ronda-de-la-dignidad-de-los-pueblos\/","title":{"rendered":"RONDA DE LA DIGNIDAD DE LOS PUEBLOS"},"content":{"rendered":"\n<figure class=\"wp-block-image size-full\"><img loading=\"lazy\" decoding=\"async\" width=\"300\" height=\"161\" src=\"http:\/\/www.irantiesclavitud.es\/wp-content\/uploads\/2023\/08\/image.png\" alt=\"\" class=\"wp-image-334\"\/><\/figure>\n\n\n<header class=\"article-header row\">\n<div class=\"article-header-title col-12\">\n<h1 id=\"m451-450-452\" class=\"col-12\">M\u00e1s de 600 rondas de la dignidad en la Puerta del Sol: \u00abQueremos que se juzgue al franquismo criminal\u00bb<\/h1>\n<\/div>\n<div class=\"article-header-epigraph col-12\">\n<h2 id=\"m69-68-70\">La Plataforma contra la impunidad del franquismo cumple 12 a\u00f1os manifest\u00e1ndose en Madrid. Cumple este aniversario justo cuando se aprueba la Ley de Memoria Democr\u00e1tica, a la que critica por no permitir que se juzgue a los torturadores.<\/h2>\n<\/div>\n<p>\u00a0<\/p>\n<\/header>\n<div class=\"article-content row\">\n<div class=\"column left-side col-12 col-md-8\">\n<div class=\"before-text\">\u00a0<\/div>\n<div class=\"article-multimedia-content\">\n<div class=\"aspect-ratio-img\">\n<figure id=\"m461-460-462\" class=\"module-image horizontal article-multimedia-info\">\n<div id=\"m465-464-466\" class=\"image\"><img decoding=\"async\" class=\"ImagenAperturaClick\" src=\"https:\/\/www.publico.es\/files\/article_main\/uploads\/2022\/07\/15\/62d14c7c30c9c.jpeg\" alt=\"14\/07\/2022 Miembros de la Plataforma contra la impunidad del franquismo, concentrados frente al Congreso de los Diputados el d\u00eda que se aprob\u00f3 la Ley de Memoria Democr\u00e1tica\" \/><\/div>\n<figcaption id=\"m471-1-472\" class=\"image-description\">Miembros de la Plataforma contra la impunidad del franquismo, concentrados frente al Congreso de los Diputados el d\u00eda que se aprob\u00f3 la Ley de Memoria Democr\u00e1tica.\u00a0<span class=\"dash\">\u2014<\/span>\u00a0<span class=\"signature\">Guillermo Mart\u00ednez<\/span><\/figcaption>\n<\/figure>\n<\/div>\n<\/div>\n<div class=\"before-text\">\u00a0<\/div>\n<div class=\"article-body\">\n<div class=\"subscription-claim-exclusive\">\u00a0<\/div>\n<header class=\"article-published-info\">\n<p class=\"place-container\"><span id=\"m478-477-479\" class=\"place\">MADRID<\/span><\/p>\n<p><time datetime=\"2022-07-15T22:45:44+02:00\" data-timestamp=\"1657917944\"><a href=\"https:\/\/www.publico.es\/archive\/2022-07-15#analytics-noticia:fecha-publicacion\"><span class=\"published\" data-timestamp=\"1657917944\">15\/07\/2022 22:45<\/span>\u00a0<\/a><\/time><i class=\"fas fa-circle\" aria-hidden=\"true\"><\/i>ACTUALIZADO:\u00a0<time datetime=\"2022-07-16T09:38:00+02:00\" data-timestamp=\"1657957080\"><a href=\"https:\/\/www.publico.es\/archive\/2022-07-16#analytics-noticia:fecha-actualizacion\"><span class=\"published\" data-timestamp=\"1657957080\">16\/07\/2022 09:38<\/span><\/a><\/time><\/p>\n<\/header><footer class=\"article-info\">\n<p id=\"m95-94-96\" class=\"signature\"><a href=\"https:\/\/www.publico.es\/author\/guillermo-martinez#analytics-noticia:autor\">GUILLERMO MART\u00cdNEZ<\/a><a class=\"twitter\" href=\"https:\/\/twitter.com\/guille8martinez\" target=\"_blank\" rel=\"noopener\">@GUILLE8MARTINEZ<\/a><\/p>\n<\/footer>\n<div class=\"article-text\">\n<p id=\"m319-318-320\" class=\"pb-article-item-iteration\">La madre de Juli\u00e1n Rebollo hac\u00eda un pan grande, maravilloso, que iba cortando en trozos. En su casa solo eran cuatro, pero ella cortaba m\u00e1s rebanadas. \u00c9l, que era peque\u00f1o, no entend\u00eda por qu\u00e9 su t\u00eda se quedaba con gran parte de ese manjar. Con el tiempo supo el por qu\u00e9: a su t\u00edo, Gregorio Rebollo Garc\u00eda, le hab\u00edan matado en 1942 tras ser deportado al campo de concentraci\u00f3n nazi de Mauthausen. En Espa\u00f1a dejaba una mujer y cinco hijos que, gracias a la solidaridad familiar, intentaban no pasar hambre.<\/p>\n<div id=\"newsletters--bloque\" class=\"newsletters--bloque\">\n<div class=\"tp-container-inner\"><span style=\"font-size: revert; color: initial;\">Juli\u00e1n Rebollo, ahora con 81 a\u00f1os, es una de las decenas de personas que se manifiestan en la Puerta del Sol desde hace 12 a\u00f1os todos los jueves. M\u00e1s de 620 rondas, como las llaman, pidiendo verdad, justicia, reparaci\u00f3n y garant\u00edas de no repetici\u00f3n.<\/span><\/div>\n<\/div>\n<p id=\"m329-2-330\" class=\"pb-article-item-iteration\">Durante esta docena de a\u00f1os han visto pasar muchas cosas, sobre todo idas y venidas de promesas pol\u00edticas a medio cumplir. Eso no les ha impedido continuar con su lucha acompa\u00f1ada de la fuerza necesaria para que no se olvide la historia: \u00abDicen que a mi t\u00edo le mataron los nazis alemanes, pero no, le mat\u00f3 Franco al decir que era un ap\u00e1trida\u00bb, sostiene Rebollo.<\/p>\n<div class=\"relacionadas\">\n<div class=\"related-module related-news-between-text\">\n<div class=\"related\">\n<div id=\"m273-272-274\" class=\"item-related-news-between-text add-author no-icon\" data-collection=\"m269-268-270\">\n<div class=\"img\"><a id=\"m277-276-278\" class=\"image page-item-link RelacionadaInline\" href=\"https:\/\/www.publico.es\/politica\/conoce-claves-nueva-ley-memoria-democratica.html#analytics-noticia:relacionada\"><img decoding=\"async\" src=\"https:\/\/www.publico.es\/files\/module_small_modules_list_horizontal\/uploads\/2022\/07\/14\/62d05bcaeb998.jpeg\" alt=\"14\/07\/2022. Una mujer coloca una rosa en una pared durante una ofrenda floral y encuentro abierto entre familiares de las v\u00edctimas y estudiantes daneses del franquismo, en el cementerio de La Almudena, a 12 de abril de 2022, en Madrid\" \/><\/a><\/div>\n<div class=\"text\">\n<div class=\"title\"><a id=\"m288-2-289\" class=\"page-item-link RelacionadaInline\" href=\"https:\/\/www.publico.es\/politica\/conoce-claves-nueva-ley-memoria-democratica.html#analytics-noticia:relacionada\">Conoce las claves de la nueva Ley de Memoria Democr\u00e1tica<\/a><\/div>\n<\/div>\n<\/div>\n<\/div>\n<div>\u00a0<\/div>\n<div><span style=\"font-size: revert; color: initial;\">Este activista por la memoria hist\u00f3rica, antiguo concejal en la capital durante el mandato de Enrique Tierno Galv\u00e1n, tambi\u00e9n sufri\u00f3 el asesinato de otro t\u00edo, Juli\u00e1n Cu\u00e9llar Albornoz, tras un asalto falangista por la zona de Cuatro Caminos, en Madrid, meses antes de que la ciudad cayera en manos de los sublevados. \u00abEso me ha llevado a plantearme una <\/span><b style=\"font-size: revert; color: initial;\">lucha por la justicia de las miles de personas que asesin\u00f3 el franquismo, que tortur\u00f3, y que todav\u00eda siguen en cientos de fosas comunes<\/b><span style=\"font-size: revert; color: initial;\">\u00ab, dice.<\/span><\/div>\n<\/div>\n<\/div>\n<p id=\"m339-4-340\" class=\"pb-article-item-iteration\">Conscientes de que la lucha debe ser colectiva, otros tantos como \u00e9l se unieron en la\u00a0<b>Plataforma contra la impunidad del franquismo<\/b>, y desde 2010 hacen la ronda en Sol. En sus cuerpos, las fotos de los familiares y allegados desaparecidos, fusilados, represaliados. Al estilo de las Madres de la Plaza de Mayo en Argentina, cuyo lema es \u00abse los llevaron vivos y vivos los queremos\u00bb, en este caso se manifiestan \u00abpara seguir manteniendo viva la lucha por la memoria hist\u00f3rica\u00bb, tal y como comenta Rebollo.<\/p>\n<h2 id=\"m344-5-345\" class=\"highlighted\">Defender la legalidad<\/h2>\n<p id=\"m349-6-350\" class=\"pb-article-item-iteration\">Esta ronda de la dignidad que se lleva a cabo todos los jueves del a\u00f1o a las 20 horas en las inmediaciones del kil\u00f3metro 0 agrupa a familiares de las v\u00edctimas, pero tambi\u00e9n muchas otras personas que reivindican dignidad para los asesinados y represaliados. Estas \u00faltimas se solidarizan con las primeras, entre las que se encuentra Juana Le\u00f3n, de 77 a\u00f1os. Su padre, sevillano, militaba en el Partido Comunista de Espa\u00f1a al estallar la Guerra Civil. En cuanto Quiepo de Llano entr\u00f3 en la capital andaluza \u00abarrasando\u00bb, como apuntilla la activista, \u00e9l march\u00f3 hacia Madrid.<\/p>\n<div class=\"relacionadas\">\n<div class=\"related-module related-news-between-text\">\n<div class=\"related\">\n<div id=\"m295-1-296\" class=\"item-related-news-between-text add-author no-icon\" data-collection=\"m269-268-270\">\n<div class=\"img\"><a id=\"m299-298-300\" class=\"image page-item-link RelacionadaInline\" href=\"https:\/\/www.publico.es\/politica\/congreso-aprueba-nueva-ley-memoria-debate-embarrado-derechas-cuenta-eta.html#analytics-noticia:relacionada\"><img decoding=\"async\" src=\"https:\/\/www.publico.es\/files\/module_small_modules_list_horizontal\/uploads\/2022\/07\/14\/62d0467956aa3.jpeg\" alt=\"14\/07\/2022.- Varias asociaciones memorialistas, frente al Congreso con motivo de la aprobaci\u00f3n de la Ley de Memoria Democr\u00e1tica. EFE\/ Zipi\" \/><\/a><\/div>\n<div class=\"text\">\n<div class=\"title\"><a id=\"m310-2-311\" class=\"page-item-link RelacionadaInline\" href=\"https:\/\/www.publico.es\/politica\/congreso-aprueba-nueva-ley-memoria-debate-embarrado-derechas-cuenta-eta.html#analytics-noticia:relacionada\">El Congreso aprueba la nueva ley de memoria tras un debate embarrado por las derechas a cuenta de ETA<\/a><\/div>\n<\/div>\n<\/div>\n<\/div>\n<div>\u00a0<\/div>\n<\/div>\n<\/div>\n<p id=\"m354-7-355\" class=\"pb-article-item-iteration\">\u00abMi padre, Francisco Le\u00f3n L\u00f3pez, nos ense\u00f1\u00f3 a mi hermano y a m\u00ed que Franco se hab\u00eda levantado contra un r\u00e9gimen republicano votado por los pueblos del Estado espa\u00f1ol y que, naturalmente, era una ilegalidad lo que est\u00e1bamos sufriendo\u00bb, explica Le\u00f3n.<\/p>\n<p id=\"m359-8-360\" class=\"pb-article-item-iteration\">El haber luchado con las fuerzas republicanas en la defensa de Madrid le vali\u00f3 dos a\u00f1os en un campo de trabajos forzados, en el que cada d\u00eda esperaba para ser fusilado, como tantos otros. \u00abAl final no lo mataron. En el juicio minti\u00f3, dijo que no sab\u00eda ni leer ni escribir cuando \u00e9l conoc\u00eda hasta el franc\u00e9s, y cuando sali\u00f3 se hizo alba\u00f1il\u00bb, rememora su hija.<\/p>\n<p id=\"m364-9-365\" class=\"pb-article-item-iteration\">Varios son los familiares de Le\u00f3n reprimidos por el franquismo, hasta que su generaci\u00f3n tambi\u00e9n empez\u00f3 a luchar por la democracia. \u00abDetuvieron a mi hermano en 1967, mientras hac\u00eda la mili, y despu\u00e9s de apalearle en la Direcci\u00f3n General de Seguridad hasta perder el conocimiento, estuvo dos a\u00f1os entre las c\u00e1rceles de Carabanchel y Palencia. \u00c9l no delat\u00f3 a nadie, solo declar\u00f3 su pertenencia al Partido Comunista\u00bb, explica. Ella consigui\u00f3 librarse de la represi\u00f3n, ya que escap\u00f3 con 21 a\u00f1os.<\/p>\n<h2 id=\"m369-10-370\" class=\"highlighted\">Romper con el silencio<\/h2>\n<p id=\"m374-11-375\" class=\"pb-article-item-iteration\">\u00abNosotras no podemos pedir los mismo que las madres de la Plaza de Mayo en Buenos Aires a estas alturas, pero s\u00ed\u00a0<b>necesitamos que toda la ciudadan\u00eda sepa realmente lo que pas\u00f3 durante los 40 a\u00f1os de dictadura franquista<\/b>, una dictadura que se mantuvo mediante la represi\u00f3n continua, torturas, apaleamientos, asesinatos y muchas, pero mucha c\u00e1rcel\u00bb, desarrolla la propia Le\u00f3n.<\/p>\n<p id=\"m379-12-380\" class=\"pb-article-item-iteration\">Ella, que a\u00fan recuerda c\u00f3mo con unos 13 a\u00f1os su padre le dejaba encargada de guardar unos rollos de Mundo Obrero en la tienda que ten\u00edan para que otra persona los recogiera, no dejar\u00e1 de salir los jueves a la Puerta del Sol hasta que se cumplan sus demandas.<\/p>\n<div class=\"aspect-ratio-img\">\n<figure id=\"m384-13-385\" class=\"module-image horizontal\">\n<div id=\"m388-387-389\" class=\"image\"><a class=\"ImagenInlineExpand expand\" href=\"https:\/\/www.publico.es\/uploads\/2022\/07\/15\/62d14fbdb5dfc.jpeg\" data-lightbox=\"undefined\" data-title=\"Julio Recuero, con las fotograf\u00edas de sus abuelos frente al Congreso de los Diputados\"><img decoding=\"async\" class=\"ImagenInlineClick\" src=\"https:\/\/www.publico.es\/files\/article_main\/uploads\/2022\/07\/15\/62d14fbdb5dfc.jpeg\" alt=\"Julio Recuero, con las fotograf\u00edas de sus abuelos frente al Congreso de los Diputados\" \/><\/a><\/div>\n<figcaption id=\"m394-1-395\" class=\"image-description\">Julio Recuero, con las fotograf\u00edas de sus abuelos frente al Congreso de los Diputados.\u00a0<span class=\"dash\">\u2014<\/span>\u00a0<span class=\"signature\">Guillermo Mart\u00ednez<\/span><\/figcaption>\n<\/figure>\n<\/div>\n<p id=\"m401-14-402\" class=\"pb-article-item-iteration\">Junto a ella suele estar Julio Recuero, el vicepresidente de la Plataforma. Natural de Villanueva de la Serena, en Badajoz, a sus 71 a\u00f1os todav\u00eda no sabe d\u00f3nde est\u00e1n enterrada su abuela materna. \u00abA ella, Manuela Casado D\u00edaz, el 17 de mayo de 1939, estando mi abuelo en el calabozo del pueblo, la sacaron de casa en una saca y sin juicio la fusilaron. Dejaron a tres ni\u00f1os indefensos, solos: mi madre Mar\u00eda y mis t\u00edos Leonardo y Carmen\u00bb, relata.<\/p>\n<p id=\"m406-15-407\" class=\"pb-article-item-iteration\">Diferente ocurri\u00f3 con su abuelo, Manuel Casado Nieto, miembro activo del comit\u00e9 de defensa del pueblo y concejal del PSOE. Tras ser detenido y llevado por prisiones de varias localidades, finalmente fue asesinado. Lo enterraron en el cementerio viejo de San Juan de Badajoz. \u00abNosotros seguiremos resistiendo todo lo que haga falta, haciendo nuestra ronda de la dignidad, para que se sepa lo que ocurri\u00f3 en este pa\u00eds y lo que todav\u00eda ocurre\u00bb, se\u00f1ala Recuero.<\/p>\n<h2 id=\"m411-16-412\" class=\"highlighted\">Una ley mejorable<\/h2>\n<p id=\"m416-17-417\" class=\"pb-article-item-iteration\">Ahora est\u00e1n con los \u00e1nimos algo bajos, agrega el vicepresidente de la Plataforma, por la aprobaci\u00f3n de la Ley de Memoria Democr\u00e1tica que ha ultimado el Gobierno del PSOE y Unidas Podemos.<\/p>\n<p id=\"m421-18-422\" class=\"pb-article-item-iteration\">Desde su punto de vista,\u00a0<b>\u00abla ley no rompe con el modelo de impunidad del franquismo ni permite que las v\u00edctimas puedan acudir a la Justicia\u00bb<\/b>. S\u00ed es cierto que ven ciertos avances en la norma, como destacar el papel de las mujeres en la contienda y que la historia de esa \u00e9poca de Espa\u00f1a se estudie en los centros escolares.<\/p>\n<p id=\"m426-19-427\" class=\"pb-article-item-iteration\">Por el contrario, tambi\u00e9n adolece de otros \u00abd\u00e9ficits fundamentales\u00bb, tal y como los define Recuero, ligados al acceso a la justicia: \u00abLa Ley de Amnist\u00eda de 1977, que blinda a los asesinos y torturadores, no se deroga. Esta ilegalidad e inseguridad jur\u00eddica para las v\u00edctimas contraviene el derecho internacional\u00bb, sostiene este activista.<\/p>\n<p id=\"m431-20-432\" class=\"pb-article-item-iteration\">Similar es la opini\u00f3n de Le\u00f3n: \u00abEn Espa\u00f1a hay personas que firmaron sentencias de muerte durante una dictadura fascista. No se puede permitir el amparo de estas personas, tambi\u00e9n los inductores. No me importa que hayan muerto, solo quiero que salgan todos sus nombres a la luz y se les llame como lo que son: fascistas y presuntamente asesinos\u00bb.<\/p>\n<p id=\"m436-21-437\" class=\"pb-article-item-iteration\">\u00ab<b>Hay que juzgar al franquismo criminal al igual que se hizo en N\u00faremberg con los nazis<\/b>. Muchos torturadores siguen vivos en Espa\u00f1a, pero la Ley de Amnist\u00eda impide investigarles, como a Mart\u00edn Villa, pendiente de imputaci\u00f3n en la querella argentina como responsable de lo ocurrido en Vitoria, por poner solo un ejemplo\u00bb, concretiza Rebollo.<\/p>\n<p id=\"m441-22-442\" class=\"pb-article-item-iteration\">Eso es lo que quieren todos ellos, y eso es lo que no dejar\u00e1n de demandar todos los jueves del a\u00f1o, haga fr\u00edo o calor, nieve, granice o llueva, en la Puerta del Sol a las ocho de la tarde. \u00abAqu\u00ed estaremos, eso lo tenemos muy claro, hasta que el cuerpo aguante\u00bb, concluye Recuero.<\/p>\n<\/div>\n<\/div>\n<\/div>\n<\/div>","protected":false},"excerpt":{"rendered":"<p>M\u00e1s de 600 rondas de la dignidad en la Puerta del Sol: \u00abQueremos que se juzgue al franquismo criminal\u00bb La Plataforma contra la impunidad del franquismo cumple 12 a\u00f1os manifest\u00e1ndose [&hellip;]<\/p>\n","protected":false},"author":1,"featured_media":203,"comment_status":"closed","ping_status":"closed","sticky":false,"template":"","format":"standard","meta":{"_monsterinsights_skip_tracking":false,"_monsterinsights_sitenote_active":false,"_monsterinsights_sitenote_note":"","_monsterinsights_sitenote_category":0,"site-sidebar-layout":"default","site-content-layout":"default","ast-site-content-layout":"default","site-content-style":"default","site-sidebar-style":"default","ast-global-header-display":"","ast-banner-title-visibility":"","ast-main-header-display":"","ast-hfb-above-header-display":"","ast-hfb-below-header-display":"","ast-hfb-mobile-header-display":"","site-post-title":"","ast-breadcrumbs-content":"","ast-featured-img":"","footer-sml-layout":"","theme-transparent-header-meta":"","adv-header-id-meta":"","stick-header-meta":"","header-above-stick-meta":"","header-main-stick-meta":"","header-below-stick-meta":"","astra-migrate-meta-layouts":"default","ast-page-background-enabled":"default","ast-page-background-meta":{"desktop":{"background-color":"var(--ast-global-color-4)","background-image":"","background-repeat":"repeat","background-position":"center center","background-size":"auto","background-attachment":"scroll","background-type":"","background-media":"","overlay-type":"","overlay-color":"","overlay-opacity":"","overlay-gradient":""},"tablet":{"background-color":"","background-image":"","background-repeat":"repeat","background-position":"center center","background-size":"auto","background-attachment":"scroll","background-type":"","background-media":"","overlay-type":"","overlay-color":"","overlay-opacity":"","overlay-gradient":""},"mobile":{"background-color":"","background-image":"","background-repeat":"repeat","background-position":"center center","background-size":"auto","background-attachment":"scroll","background-type":"","background-media":"","overlay-type":"","overlay-color":"","overlay-opacity":"","overlay-gradient":""}},"ast-content-background-meta":{"desktop":{"background-color":"var(--ast-global-color-5)","background-image":"","background-repeat":"repeat","background-position":"center center","background-size":"auto","background-attachment":"scroll","background-type":"","background-media":"","overlay-type":"","overlay-color":"","overlay-opacity":"","overlay-gradient":""},"tablet":{"background-color":"var(--ast-global-color-5)","background-image":"","background-repeat":"repeat","background-position":"center center","background-size":"auto","background-attachment":"scroll","background-type":"","background-media":"","overlay-type":"","overlay-color":"","overlay-opacity":"","overlay-gradient":""},"mobile":{"background-color":"var(--ast-global-color-5)","background-image":"","background-repeat":"repeat","background-position":"center center","background-size":"auto","background-attachment":"scroll","background-type":"","background-media":"","overlay-type":"","overlay-color":"","overlay-opacity":"","overlay-gradient":""}},"footnotes":""},"categories":[5],"tags":[],"class_list":["post-294","post","type-post","status-publish","format-standard","has-post-thumbnail","hentry","category-eventos"],"_links":{"self":[{"href":"http:\/\/www.irantiesclavitud.es\/index.php\/wp-json\/wp\/v2\/posts\/294","targetHints":{"allow":["GET"]}}],"collection":[{"href":"http:\/\/www.irantiesclavitud.es\/index.php\/wp-json\/wp\/v2\/posts"}],"about":[{"href":"http:\/\/www.irantiesclavitud.es\/index.php\/wp-json\/wp\/v2\/types\/post"}],"author":[{"embeddable":true,"href":"http:\/\/www.irantiesclavitud.es\/index.php\/wp-json\/wp\/v2\/users\/1"}],"replies":[{"embeddable":true,"href":"http:\/\/www.irantiesclavitud.es\/index.php\/wp-json\/wp\/v2\/comments?post=294"}],"version-history":[{"count":4,"href":"http:\/\/www.irantiesclavitud.es\/index.php\/wp-json\/wp\/v2\/posts\/294\/revisions"}],"predecessor-version":[{"id":343,"href":"http:\/\/www.irantiesclavitud.es\/index.php\/wp-json\/wp\/v2\/posts\/294\/revisions\/343"}],"wp:featuredmedia":[{"embeddable":true,"href":"http:\/\/www.irantiesclavitud.es\/index.php\/wp-json\/wp\/v2\/media\/203"}],"wp:attachment":[{"href":"http:\/\/www.irantiesclavitud.es\/index.php\/wp-json\/wp\/v2\/media?parent=294"}],"wp:term":[{"taxonomy":"category","embeddable":true,"href":"http:\/\/www.irantiesclavitud.es\/index.php\/wp-json\/wp\/v2\/categories?post=294"},{"taxonomy":"post_tag","embeddable":true,"href":"http:\/\/www.irantiesclavitud.es\/index.php\/wp-json\/wp\/v2\/tags?post=294"}],"curies":[{"name":"wp","href":"https:\/\/api.w.org\/{rel}","templated":true}]}}